{"id":6007,"date":"2007-02-06T20:46:50","date_gmt":"2007-02-06T20:46:50","guid":{"rendered":"https:\/\/www.athletics.fo\/?p=6007"},"modified":"2007-02-06T20:46:50","modified_gmt":"2007-02-06T20:46:50","slug":"kastikapping-veri%c3%b0-i-torshavn","status":"publish","type":"post","link":"https:\/\/www.athletics.fo\/?p=6007","title":{"rendered":"Kastikapping veri\u00f0 \u00ed T\u00f3rshavn"},"content":{"rendered":"<p><span style=\"font-family: Arial,Verdana,Helvetica,sans-serif; font-style: normal; font-variant: normal; font-weight: normal; font-size: 12px; line-height: normal; font-size-adjust: none\">Bragdi\u00f0 skipa\u00f0i fyri kastikapping \u00ed T\u00f3rshavn leygardagin 3 Februar. Hetta var fyrsta kapping hj\u00e1 R\u00f3gva, Randi og Heri, eftir at tey v\u00f3ru \u00e1 venjingarlegu \u00ed Vaxj\u00f8.<\/span><\/p>\n<p>Ta\u00f0 var n\u00f3gvur vindur me\u00f0an kapping f\u00f3r fram, og darva\u00f0i hetta r\u00e6ttuliga<br \/>\nn\u00f3gv.<\/p>\n<p>\u00darslitini v\u00f3ru:<\/p>\n<p>Spj\u00f3tkast:<br \/>\nR\u00f3gvi H\u00f8jgaard, Bragdi\u00f0 48.50 m<br \/>\nRandi K\u00farberg, Bragdi\u00f0 26.50 m<br \/>\nHamarkast:<br \/>\nRandi K\u00farberg, Bragdi\u00f0 33.83 m<br \/>\nHeri Ziska, Bragdi\u00f0 43.26 m<br \/>\nDiskuskast:<br \/>\nHeri Ziska, Bragdi\u00f0 42.83 m<\/p>\n<p>Vi\u00f0merkjast kann, at Randi n\u00fa er byrja at kasta vi\u00f0 trimum sn\u00fa\u00f0ningum \u00ed<br \/>\nhamarkast, so ta\u00f0 er lovandi, at hon kastar so langt \u00ed hennara fyrstu<br \/>\nkapping vi\u00f0 n\u00fdggja teknikkinum.<\/p>\n<p>Hj\u00e1 Hera kann vi\u00f0merkjast, at hetta er ta\u00f0 longsta, hann hevur kasta s\u00ed\u00f0an Oyggjaleikirnar \u00ed 2003, og einans 2 cm<br \/>\nstyttri enn hann, i\u00f0 vann bronsumerki\u00f0 \u00ed Hetlandi.<\/p>\n","protected":false},"excerpt":{"rendered":"<p>Bragdi\u00f0 skipa\u00f0i fyri kastikapping \u00ed T\u00f3rshavn leygardagin 3 Februar. Hetta var fyrsta kapping hj\u00e1 R\u00f3gva, Randi og Heri, eftir at tey v\u00f3ru \u00e1 venjingarlegu \u00ed Vaxj\u00f8. Ta\u00f0 var n\u00f3gvur vindur me\u00f0an kapping f\u00f3r fram, og darva\u00f0i hetta r\u00e6ttuliga n\u00f3gv. \u00darslitini v\u00f3ru: Spj\u00f3tkast: R\u00f3gvi H\u00f8jgaard, Bragdi\u00f0 48.50 m Randi K\u00farberg, Bragdi\u00f0 26.50 m Hamarkast: Randi K\u00farberg, [&hellip;]<\/p>\n","protected":false},"author":1,"featured_media":0,"comment_status":"closed","ping_status":"","sticky":false,"template":"","format":"standard","meta":{"ngg_post_thumbnail":0,"_jetpack_newsletter_access":"","_jetpack_dont_email_post_to_subs":false,"_jetpack_newsletter_tier_id":0,"_jetpack_memberships_contains_paywalled_content":false,"_jetpack_feature_clip_id":0,"_jetpack_memberships_contains_paid_content":false,"footnotes":"","jetpack_publicize_message":"","jetpack_publicize_feature_enabled":true,"jetpack_social_post_already_shared":true,"jetpack_social_options":{"image_generator_settings":{"template":"highway","default_image_id":0,"font":"","enabled":false},"version":2},"jetpack_post_was_ever_published":false},"categories":[50],"tags":[],"class_list":["post-6007","post","type-post","status-publish","format-standard","hentry","category-fif-arkiv"],"jetpack_publicize_connections":[],"jetpack_sharing_enabled":true,"jetpack_featured_media_url":"","_links":{"self":[{"href":"https:\/\/www.athletics.fo\/index.php?rest_route=\/wp\/v2\/posts\/6007","targetHints":{"allow":["GET"]}}],"collection":[{"href":"https:\/\/www.athletics.fo\/index.php?rest_route=\/wp\/v2\/posts"}],"about":[{"href":"https:\/\/www.athletics.fo\/index.php?rest_route=\/wp\/v2\/types\/post"}],"author":[{"embeddable":true,"href":"https:\/\/www.athletics.fo\/index.php?rest_route=\/wp\/v2\/users\/1"}],"replies":[{"embeddable":true,"href":"https:\/\/www.athletics.fo\/index.php?rest_route=%2Fwp%2Fv2%2Fcomments&post=6007"}],"version-history":[{"count":0,"href":"https:\/\/www.athletics.fo\/index.php?rest_route=\/wp\/v2\/posts\/6007\/revisions"}],"wp:attachment":[{"href":"https:\/\/www.athletics.fo\/index.php?rest_route=%2Fwp%2Fv2%2Fmedia&parent=6007"}],"wp:term":[{"taxonomy":"category","embeddable":true,"href":"https:\/\/www.athletics.fo\/index.php?rest_route=%2Fwp%2Fv2%2Fcategories&post=6007"},{"taxonomy":"post_tag","embeddable":true,"href":"https:\/\/www.athletics.fo\/index.php?rest_route=%2Fwp%2Fv2%2Ftags&post=6007"}],"curies":[{"name":"wp","href":"https:\/\/api.w.org\/{rel}","templated":true}]}}