{"id":6008,"date":"2007-02-06T20:52:31","date_gmt":"2007-02-06T20:52:31","guid":{"rendered":"https:\/\/www.athletics.fo\/?p=6008"},"modified":"2007-02-06T20:52:31","modified_gmt":"2007-02-06T20:52:31","slug":"fm-i-cross-country-renning-leygardagin-fyri-b%c3%b8rn-og-vaksin","status":"publish","type":"post","link":"https:\/\/www.athletics.fo\/?p=6008","title":{"rendered":"FM \u00ed Cross Country renning leygardagin fyri b\u00f8rn og vaksin"},"content":{"rendered":"<p><span style=\"font-family: Arial,Verdana,Helvetica,sans-serif; font-style: normal; font-variant: normal; font-weight: normal; font-size: 12px; line-height: normal; font-size-adjust: none\">Leygardagin 10. februar ver\u00f0ur skipa\u00f0 fyri FM \u00ed Cross Country renning \u00e1 Toftum. \u00cd hesum slagi av kappingum ver\u00f0ur runni\u00f0 \u00ed haganum. Hetta er fj\u00f3\u00f0ru fer\u00f0, skipa\u00f0 ver\u00f0ur fyri FM \u00ed hesi kappingargrein.<\/span><\/p>\n<p><span style=\"font-family: Arial,Verdana,Helvetica,sans-serif; font-style: normal; font-variant: normal; font-size: 12px; line-height: normal; font-size-adjust: none; font-weight: bold\">Rutan<\/span><span style=\"font-family: Arial,Verdana,Helvetica,sans-serif; font-style: normal; font-variant: normal; font-weight: normal; font-size: 12px; line-height: normal; font-size-adjust: none\"><br \/>\nKappingin ver\u00f0ur hildin vi\u00f0 sonevnda &#8220;Stovug\u00f3lvi\u00f0&#8221; \u00ed haganum beint omanfyri og nor\u00f0anfyri grasv\u00f8llin \u00e1 Svangaskar\u00f0i. Runni\u00f0 ver\u00f0ur fleiri fer\u00f0ir runt eina umlei\u00f0 800m langa lei\u00f0.<\/span><\/p>\n<p>\u00d8ll kappingin fer fram \u00ed einum innhegna\u00f0um stykki. Lendi\u00f0, sum er hagi, er v\u00e6l valla\u00f0, h\u00f3ast onkrar stuttar brekkur eru lagdar inn \u00ed rutuna fyri at gera hana meiri \u00e1hugaverda.<\/p>\n<p><span style=\"font-family: Arial,Verdana,Helvetica,sans-serif; font-style: normal; font-variant: normal; font-size: 12px; line-height: normal; font-size-adjust: none; font-weight: bold\">B\u00f8rn, vaksin og veteranar<\/span><span style=\"font-family: Arial,Verdana,Helvetica,sans-serif; font-style: normal; font-variant: normal; font-weight: normal; font-size: 12px; line-height: normal; font-size-adjust: none\"><br \/>\nKappast ver\u00f0ur \u00ed ymsum aldursb\u00f3lkum hj\u00e1 monnum og kvinnum.<br \/>\nDreingir og gentur (f.1993-1995) renna 1,6 km<br \/>\nMans- og kvinnuunglingar (f.1990-1992) renna 4 km<br \/>\nTey vaksnu (f\u00f8dd -1989) og veteranarnir (f\u00f8ddir -1961) renna 8 km.<\/span><\/p>\n<p>Luttaka \u00ed kappingini kunnu tey, i\u00f0 eru limir \u00ed einum av teimum fimm fel\u00f8gunum fyri fr\u00e6lsan \u00edtr\u00f3tt.<\/p>\n<p><span style=\"font-family: Arial,Verdana,Helvetica,sans-serif; font-style: normal; font-variant: normal; font-size: 12px; line-height: normal; font-size-adjust: none; font-weight: bold\">Byrja\u00f0 ver\u00f0ur kl. 11.00<\/span><span style=\"font-family: Arial,Verdana,Helvetica,sans-serif; font-style: normal; font-variant: normal; font-weight: normal; font-size: 12px; line-height: normal; font-size-adjust: none\"><br \/>\nKappingin byrjar leygardagin kl. 11.00.<\/span><\/p>\n<p><span style=\"font-family: Arial,Verdana,Helvetica,sans-serif; font-style: normal; font-variant: normal; font-size: 12px; line-height: normal; font-size-adjust: none; font-weight: bold\">Tilmelding og gjald<\/span><span style=\"font-family: Arial,Verdana,Helvetica,sans-serif; font-style: normal; font-variant: normal; font-weight: normal; font-size: 12px; line-height: normal; font-size-adjust: none\"><br \/>\nTilmelding fer fram her \u00e1 heimas\u00ed\u00f0uni innan kl. 21.00 fr\u00edggjakv\u00f8ldi\u00f0 9. februar.<\/span><\/p>\n<p>Lutt\u00f8kugjaldi\u00f0, sum er kr. 50,-, ver\u00f0ur goldi\u00f0, t\u00e1 startnummari\u00f0 ver\u00f0ur avheinta\u00f0 vi\u00f0 startin kl. 10.30 leygarmorgunin.<\/p>\n<p>M\u00e6lt ver\u00f0ur til, at rennararnir skifta, \u00e1\u00f0renn teir koma \u00e1 sta\u00f0i\u00f0, og hava turr kl\u00e6\u00f0i vi\u00f0 at lata seg \u00ed eftir kappingina.<\/p>\n<p>Vit m\u00f8tast vi\u00f0 endan av vegnum, i\u00f0 er \u00e1 hamrinum omanfyri rennibreytina \u00e1 Svangaskar\u00f0i.<\/p>\n","protected":false},"excerpt":{"rendered":"<p>Leygardagin 10. februar ver\u00f0ur skipa\u00f0 fyri FM \u00ed Cross Country renning \u00e1 Toftum. \u00cd hesum slagi av kappingum ver\u00f0ur runni\u00f0 \u00ed haganum. Hetta er fj\u00f3\u00f0ru fer\u00f0, skipa\u00f0 ver\u00f0ur fyri FM \u00ed hesi kappingargrein. Rutan Kappingin ver\u00f0ur hildin vi\u00f0 sonevnda &#8220;Stovug\u00f3lvi\u00f0&#8221; \u00ed haganum beint omanfyri og nor\u00f0anfyri grasv\u00f8llin \u00e1 Svangaskar\u00f0i. Runni\u00f0 ver\u00f0ur fleiri fer\u00f0ir runt eina [&hellip;]<\/p>\n","protected":false},"author":1,"featured_media":0,"comment_status":"closed","ping_status":"","sticky":false,"template":"","format":"standard","meta":{"ngg_post_thumbnail":0,"_jetpack_newsletter_access":"","_jetpack_dont_email_post_to_subs":false,"_jetpack_newsletter_tier_id":0,"_jetpack_memberships_contains_paywalled_content":false,"_jetpack_feature_clip_id":0,"_jetpack_memberships_contains_paid_content":false,"footnotes":"","jetpack_publicize_message":"","jetpack_publicize_feature_enabled":true,"jetpack_social_post_already_shared":true,"jetpack_social_options":{"image_generator_settings":{"template":"highway","default_image_id":0,"font":"","enabled":false},"version":2},"jetpack_post_was_ever_published":false},"categories":[50],"tags":[],"class_list":["post-6008","post","type-post","status-publish","format-standard","hentry","category-fif-arkiv"],"jetpack_publicize_connections":[],"jetpack_sharing_enabled":true,"jetpack_featured_media_url":"","_links":{"self":[{"href":"https:\/\/www.athletics.fo\/index.php?rest_route=\/wp\/v2\/posts\/6008","targetHints":{"allow":["GET"]}}],"collection":[{"href":"https:\/\/www.athletics.fo\/index.php?rest_route=\/wp\/v2\/posts"}],"about":[{"href":"https:\/\/www.athletics.fo\/index.php?rest_route=\/wp\/v2\/types\/post"}],"author":[{"embeddable":true,"href":"https:\/\/www.athletics.fo\/index.php?rest_route=\/wp\/v2\/users\/1"}],"replies":[{"embeddable":true,"href":"https:\/\/www.athletics.fo\/index.php?rest_route=%2Fwp%2Fv2%2Fcomments&post=6008"}],"version-history":[{"count":0,"href":"https:\/\/www.athletics.fo\/index.php?rest_route=\/wp\/v2\/posts\/6008\/revisions"}],"wp:attachment":[{"href":"https:\/\/www.athletics.fo\/index.php?rest_route=%2Fwp%2Fv2%2Fmedia&parent=6008"}],"wp:term":[{"taxonomy":"category","embeddable":true,"href":"https:\/\/www.athletics.fo\/index.php?rest_route=%2Fwp%2Fv2%2Fcategories&post=6008"},{"taxonomy":"post_tag","embeddable":true,"href":"https:\/\/www.athletics.fo\/index.php?rest_route=%2Fwp%2Fv2%2Ftags&post=6008"}],"curies":[{"name":"wp","href":"https:\/\/api.w.org\/{rel}","templated":true}]}}