{"id":6013,"date":"2007-02-19T15:24:29","date_gmt":"2007-02-19T15:24:29","guid":{"rendered":"https:\/\/www.athletics.fo\/?p=6013"},"modified":"2007-02-19T15:24:29","modified_gmt":"2007-02-19T15:24:29","slug":"a%c3%b0alfundurin-hja-bragdinum","status":"publish","type":"post","link":"https:\/\/www.athletics.fo\/?p=6013","title":{"rendered":"A\u00f0alfundurin hj\u00e1 Bragdinum"},"content":{"rendered":"<p><span style=\"font-size: 13px\">Bragdi\u00f0 hevur a\u00f0alfund \u00ed \u00cdSF-h\u00fasinum h\u00f3skv\u00f8ldi\u00f0 tann 22. februar kl. 20.<\/span><\/p>\n<p>Skr\u00e1 samb\u00e6rt l\u00f3g felagsins<\/p>\n<p>1. Val av fundarstj\u00f3ra<br \/>\n2. Forma\u00f0urin sigur fr\u00e1 farna \u00e1rinum<br \/>\n3. Framl\u00f8ga av roknskapi<br \/>\n4. Innkomin m\u00e1l &#8211; s\u00ed ni\u00f0anfyri<br \/>\n5. Val av nevnd<br \/>\na) N\u00e6stforma\u00f0ur<br \/>\nb) Skrivari<br \/>\nc) Tiltakslimur<br \/>\nd) Tveir grannsko\u00f0arar<br \/>\n6. Ymiskt<\/p>\n<p>Innkomin m\u00e1l<br \/>\nNevndin hevur \u00ed uppskoti\u00f0 at v\u00ed\u00f0ka\u00f0 nevndarlimirnar fr\u00e1 3 til 5 limir, t.v.s., at um hetta vinnur frama, skulu tveir nevndarlimir veljast aftrat, umframt omanfyristandandi.<\/p>\n<p>Aftan\u00e1 formliga a\u00f0alfundin ver\u00f0ur kunning um ungd\u00f3msarbei\u00f0i\u00f0, or\u00f0askifti um virksemi hj\u00e1 felagnum og m.a. um T\u00f3rshavn Marathon skal halda fram.<\/p>\n","protected":false},"excerpt":{"rendered":"<p>Bragdi\u00f0 hevur a\u00f0alfund \u00ed \u00cdSF-h\u00fasinum h\u00f3skv\u00f8ldi\u00f0 tann 22. februar kl. 20. Skr\u00e1 samb\u00e6rt l\u00f3g felagsins 1. Val av fundarstj\u00f3ra 2. Forma\u00f0urin sigur fr\u00e1 farna \u00e1rinum 3. Framl\u00f8ga av roknskapi 4. Innkomin m\u00e1l &#8211; s\u00ed ni\u00f0anfyri 5. Val av nevnd a) N\u00e6stforma\u00f0ur b) Skrivari c) Tiltakslimur d) Tveir grannsko\u00f0arar 6. Ymiskt Innkomin m\u00e1l Nevndin hevur \u00ed [&hellip;]<\/p>\n","protected":false},"author":1,"featured_media":0,"comment_status":"closed","ping_status":"","sticky":false,"template":"","format":"standard","meta":{"ngg_post_thumbnail":0,"_jetpack_newsletter_access":"","_jetpack_dont_email_post_to_subs":false,"_jetpack_newsletter_tier_id":0,"_jetpack_memberships_contains_paywalled_content":false,"_jetpack_feature_clip_id":0,"_jetpack_memberships_contains_paid_content":false,"footnotes":"","jetpack_publicize_message":"","jetpack_publicize_feature_enabled":true,"jetpack_social_post_already_shared":true,"jetpack_social_options":{"image_generator_settings":{"template":"highway","default_image_id":0,"font":"","enabled":false},"version":2},"jetpack_post_was_ever_published":false},"categories":[50],"tags":[],"class_list":["post-6013","post","type-post","status-publish","format-standard","hentry","category-fif-arkiv"],"jetpack_publicize_connections":[],"jetpack_sharing_enabled":true,"jetpack_featured_media_url":"","_links":{"self":[{"href":"https:\/\/www.athletics.fo\/index.php?rest_route=\/wp\/v2\/posts\/6013","targetHints":{"allow":["GET"]}}],"collection":[{"href":"https:\/\/www.athletics.fo\/index.php?rest_route=\/wp\/v2\/posts"}],"about":[{"href":"https:\/\/www.athletics.fo\/index.php?rest_route=\/wp\/v2\/types\/post"}],"author":[{"embeddable":true,"href":"https:\/\/www.athletics.fo\/index.php?rest_route=\/wp\/v2\/users\/1"}],"replies":[{"embeddable":true,"href":"https:\/\/www.athletics.fo\/index.php?rest_route=%2Fwp%2Fv2%2Fcomments&post=6013"}],"version-history":[{"count":0,"href":"https:\/\/www.athletics.fo\/index.php?rest_route=\/wp\/v2\/posts\/6013\/revisions"}],"wp:attachment":[{"href":"https:\/\/www.athletics.fo\/index.php?rest_route=%2Fwp%2Fv2%2Fmedia&parent=6013"}],"wp:term":[{"taxonomy":"category","embeddable":true,"href":"https:\/\/www.athletics.fo\/index.php?rest_route=%2Fwp%2Fv2%2Fcategories&post=6013"},{"taxonomy":"post_tag","embeddable":true,"href":"https:\/\/www.athletics.fo\/index.php?rest_route=%2Fwp%2Fv2%2Ftags&post=6013"}],"curies":[{"name":"wp","href":"https:\/\/api.w.org\/{rel}","templated":true}]}}