{"id":6016,"date":"2007-02-24T22:17:04","date_gmt":"2007-02-24T22:17:04","guid":{"rendered":"https:\/\/www.athletics.fo\/?p=6016"},"modified":"2007-02-24T22:17:04","modified_gmt":"2007-02-24T22:17:04","slug":"f%c3%b8royskt-met-i-hamarkasti-hja-kvinnum","status":"publish","type":"post","link":"https:\/\/www.athletics.fo\/?p=6016","title":{"rendered":"F\u00f8royskt met \u00ed hamarkasti hj\u00e1 Kvinnum"},"content":{"rendered":"<p><img loading=\"lazy\" decoding=\"async\" src=\"https:\/\/web.archive.org\/web\/2021\/http:\/\/www.fif.fo\/files\/\/page0_blog_entry205_1.jpg\" class=\"imageStyle\" alt=\"randi\" height=\"255\" width=\"394\" \/><span style=\"font-size: 13px\"><br \/>\n<\/span><em>Randi setti met \u00ed hamarkasti vi\u00f0 35,40 m<br \/>\n<\/em><span style=\"font-size: 13px\"><br \/>\nBragdi\u00f0 skipa\u00f0i fyri kastikapping \u00e1 kastiv\u00f8llinum vi\u00f0 Eystursk\u00falan leygardagin 24. februar. Ve\u00f0ri\u00f0 var av t\u00ed besta, og ta\u00f0 s\u00e1\u00f0st eisini \u00e1 \u00farslitunum. <\/span><\/p>\n<p>Dagsins \u00farsliti st\u00f3\u00f0 Randi K\u00farberg, Bragdi\u00f0, fyri, t\u00e1 hon kasta\u00f0i hamaran \u00fat \u00e1 35.40 m. Hetta er n\u00fdtt f\u00f8royskt met. Ta\u00f0 gamla, i\u00f0 var 35.14 m, \u00e1tti hon sj\u00e1lv, og var ta\u00f0 sett \u00ed finaluni \u00e1 oyggjaleikunum \u00ed Hetlandi.<\/p>\n<p>Eitt anna\u00f0 merkisvert \u00farslit var, at R\u00f3gvi H\u00f8jgaard, Bragdi\u00f0, kasta\u00f0i 51.92 m \u00ed spj\u00f3tkast, h\u00f3ast kastini ikki v\u00f3ru eins g\u00f3\u00f0 tekniskt, sum tey plaga at ver\u00f0a.<\/p>\n<p>Heri Ziska, Bragdi\u00f0, kasta\u00f0i hamaran \u00fat \u00e1 45.49 m, i\u00f0 v\u00edsur at hann hevur stabilisera seg \u00e1 einum st\u00f8\u00f0i, i\u00f0 er v\u00e6l omanfyri ta\u00f0, hann hevur kasta seinnu \u00e1rini. \u00darsliti\u00f0 hj\u00e1 Hera er aftur hesa fer\u00f0 longur enn oyggjaleikakravi\u00f0 \u00ed hamarkast og eisini longur, enn bronsuvinnarin kasta\u00f0i \u00e1 seinastu oyggjaleikunum.<\/p>\n<p>\u00darslitini v\u00f3ru:<br \/>\nHamarkast<br \/>\nHeri Ziska\t\tBragdi\u00f0\t45.49 m<br \/>\nRandi K\u00farberg\t\tBragdi\u00f0\t35.40 m<\/p>\n<p>Spj\u00f3tkast<br \/>\nR\u00f3gvi H\u00f8jgaard\tBragdi\u00f0\t51.92 m<br \/>\nRandi K\u00farberg\t\tBragdi\u00f0\t29.90 m<\/p>\n<p>Diskuskast<br \/>\nHeri Ziska\t\tBragdi\u00f0\t39.67 m<\/p>\n<p>K\u00falustoyt<br \/>\nRandi K\u00farberg\t\tBragdi\u00f0\t8.35 m<\/p>\n","protected":false},"excerpt":{"rendered":"<p>Randi setti met \u00ed hamarkasti vi\u00f0 35,40 m Bragdi\u00f0 skipa\u00f0i fyri kastikapping \u00e1 kastiv\u00f8llinum vi\u00f0 Eystursk\u00falan leygardagin 24. februar. Ve\u00f0ri\u00f0 var av t\u00ed besta, og ta\u00f0 s\u00e1\u00f0st eisini \u00e1 \u00farslitunum. Dagsins \u00farsliti st\u00f3\u00f0 Randi K\u00farberg, Bragdi\u00f0, fyri, t\u00e1 hon kasta\u00f0i hamaran \u00fat \u00e1 35.40 m. Hetta er n\u00fdtt f\u00f8royskt met. Ta\u00f0 gamla, i\u00f0 var 35.14 [&hellip;]<\/p>\n","protected":false},"author":1,"featured_media":0,"comment_status":"closed","ping_status":"","sticky":false,"template":"","format":"standard","meta":{"ngg_post_thumbnail":0,"_jetpack_newsletter_access":"","_jetpack_dont_email_post_to_subs":false,"_jetpack_newsletter_tier_id":0,"_jetpack_memberships_contains_paywalled_content":false,"_jetpack_feature_clip_id":0,"_jetpack_memberships_contains_paid_content":false,"footnotes":"","jetpack_publicize_message":"","jetpack_publicize_feature_enabled":true,"jetpack_social_post_already_shared":true,"jetpack_social_options":{"image_generator_settings":{"template":"highway","default_image_id":0,"font":"","enabled":false},"version":2},"jetpack_post_was_ever_published":false},"categories":[50],"tags":[],"class_list":["post-6016","post","type-post","status-publish","format-standard","hentry","category-fif-arkiv"],"jetpack_publicize_connections":[],"jetpack_sharing_enabled":true,"jetpack_featured_media_url":"","_links":{"self":[{"href":"https:\/\/www.athletics.fo\/index.php?rest_route=\/wp\/v2\/posts\/6016","targetHints":{"allow":["GET"]}}],"collection":[{"href":"https:\/\/www.athletics.fo\/index.php?rest_route=\/wp\/v2\/posts"}],"about":[{"href":"https:\/\/www.athletics.fo\/index.php?rest_route=\/wp\/v2\/types\/post"}],"author":[{"embeddable":true,"href":"https:\/\/www.athletics.fo\/index.php?rest_route=\/wp\/v2\/users\/1"}],"replies":[{"embeddable":true,"href":"https:\/\/www.athletics.fo\/index.php?rest_route=%2Fwp%2Fv2%2Fcomments&post=6016"}],"version-history":[{"count":0,"href":"https:\/\/www.athletics.fo\/index.php?rest_route=\/wp\/v2\/posts\/6016\/revisions"}],"wp:attachment":[{"href":"https:\/\/www.athletics.fo\/index.php?rest_route=%2Fwp%2Fv2%2Fmedia&parent=6016"}],"wp:term":[{"taxonomy":"category","embeddable":true,"href":"https:\/\/www.athletics.fo\/index.php?rest_route=%2Fwp%2Fv2%2Fcategories&post=6016"},{"taxonomy":"post_tag","embeddable":true,"href":"https:\/\/www.athletics.fo\/index.php?rest_route=%2Fwp%2Fv2%2Ftags&post=6016"}],"curies":[{"name":"wp","href":"https:\/\/api.w.org\/{rel}","templated":true}]}}