{"id":6017,"date":"2007-02-28T12:14:55","date_gmt":"2007-02-28T12:14:55","guid":{"rendered":"https:\/\/www.athletics.fo\/?p=6017"},"modified":"2007-02-28T12:14:55","modified_gmt":"2007-02-28T12:14:55","slug":"fimta-umfar-av-vetrarkappingini","status":"publish","type":"post","link":"https:\/\/www.athletics.fo\/?p=6017","title":{"rendered":"Fimta umfar av Vetrarkappingini"},"content":{"rendered":"<p><span style=\"font-size: 13px\">Leygardagin 3. mars skipa Fr\u00e6lsur \u00cdtr\u00f3ttur F\u00f8roya og Hvistan fyri fimta umfari av Vetrarkappingini \u00ed renning \u00ed V\u00e1gi.<\/span><\/p>\n<p>Kappast ver\u00f0ur \u00ed f\u00fdra b\u00f3lkum hj\u00e1 kvinnum og monnum:<\/p>\n<p>Veteranar kvinnur og menn (f. -1961) renna 6 km &#8211; fimm fer\u00f0ir runt vatni\u00f0<br \/>\nVaksin kvinnur og menn opin b\u00f3lkur (f. -90) renna 6 km &#8211; fimm fer\u00f0ir runt vatni\u00f0<br \/>\nKvinnuunglingar og mansunglingar (f. 1986-90) renna 6 km &#8211; fimm fer\u00f0ir runt vatni\u00f0<br \/>\nGentur og dreingir (f. 1991-95) renna 2,4 km &#8211; tv\u00e6r fer\u00f0ir runt vatni\u00f0<\/p>\n<p>Runni\u00f0 ver\u00f0ur runt vatni\u00f0. Allir aldursb\u00f3lkar byrja samstundis kl. 14.00.<\/p>\n<p>Tilmelding fer fram \u00e1 her \u00e1 s\u00ed\u00f0uni innan fr\u00edggjakv\u00f8ldi\u00f0 2. mars kl. 21.00.<\/p>\n<p>Startnummur ver\u00f0a heinta\u00f0 vi\u00f0 startin leygardagin kl. 13.30. T\u00e1 ver\u00f0ur lutt\u00f8kugjaldi\u00f0, i\u00f0 er kr. 50,- fyri tr\u00edggjar teir elstu aldursb\u00f3lkarnar og kr. 20,- fyri yngsta aldursb\u00f3lkin, eisini goldi\u00f0.<\/p>\n<p>V\u00edst ver\u00f0ur annars til <span style=\"font-size: 13px\"><a href=\"page11\/page12\/page32\/page32.html\" rel=\"self\" title=\"Vetrarkappingin\">kappingarreglurnar<\/a><\/span><span style=\"font-size: 13px\"> og samla\u00f0u <\/span><span style=\"font-size: 13px\"><a href=\"https:\/\/web.archive.org\/web\/2021\/http:\/\/www.fif.fo\/urslit\/2007\/VK0607.pdf\" rel=\"external\">st\u00f8\u00f0una<\/a><\/span><span style=\"font-size: 13px\"> (pdf). <\/span><\/p>\n<p>Meldi\u00f0 til <span style=\"font-size: 13px\"><a href=\"https:\/\/web.archive.org\/web\/2021\/http:\/\/www.fif.fo\/tilmelding\" rel=\"external\" title=\"Tilmelding\">her<\/a><\/span><span style=\"font-size: 13px\">.<\/span><\/p>\n","protected":false},"excerpt":{"rendered":"<p>Leygardagin 3. mars skipa Fr\u00e6lsur \u00cdtr\u00f3ttur F\u00f8roya og Hvistan fyri fimta umfari av Vetrarkappingini \u00ed renning \u00ed V\u00e1gi. Kappast ver\u00f0ur \u00ed f\u00fdra b\u00f3lkum hj\u00e1 kvinnum og monnum: Veteranar kvinnur og menn (f. -1961) renna 6 km &#8211; fimm fer\u00f0ir runt vatni\u00f0 Vaksin kvinnur og menn opin b\u00f3lkur (f. -90) renna 6 km &#8211; fimm fer\u00f0ir [&hellip;]<\/p>\n","protected":false},"author":1,"featured_media":0,"comment_status":"closed","ping_status":"","sticky":false,"template":"","format":"standard","meta":{"ngg_post_thumbnail":0,"_jetpack_newsletter_access":"","_jetpack_dont_email_post_to_subs":false,"_jetpack_newsletter_tier_id":0,"_jetpack_memberships_contains_paywalled_content":false,"_jetpack_feature_clip_id":0,"_jetpack_memberships_contains_paid_content":false,"footnotes":"","jetpack_publicize_message":"","jetpack_publicize_feature_enabled":true,"jetpack_social_post_already_shared":true,"jetpack_social_options":{"image_generator_settings":{"template":"highway","default_image_id":0,"font":"","enabled":false},"version":2},"jetpack_post_was_ever_published":false},"categories":[50],"tags":[],"class_list":["post-6017","post","type-post","status-publish","format-standard","hentry","category-fif-arkiv"],"jetpack_publicize_connections":[],"jetpack_sharing_enabled":true,"jetpack_featured_media_url":"","_links":{"self":[{"href":"https:\/\/www.athletics.fo\/index.php?rest_route=\/wp\/v2\/posts\/6017","targetHints":{"allow":["GET"]}}],"collection":[{"href":"https:\/\/www.athletics.fo\/index.php?rest_route=\/wp\/v2\/posts"}],"about":[{"href":"https:\/\/www.athletics.fo\/index.php?rest_route=\/wp\/v2\/types\/post"}],"author":[{"embeddable":true,"href":"https:\/\/www.athletics.fo\/index.php?rest_route=\/wp\/v2\/users\/1"}],"replies":[{"embeddable":true,"href":"https:\/\/www.athletics.fo\/index.php?rest_route=%2Fwp%2Fv2%2Fcomments&post=6017"}],"version-history":[{"count":0,"href":"https:\/\/www.athletics.fo\/index.php?rest_route=\/wp\/v2\/posts\/6017\/revisions"}],"wp:attachment":[{"href":"https:\/\/www.athletics.fo\/index.php?rest_route=%2Fwp%2Fv2%2Fmedia&parent=6017"}],"wp:term":[{"taxonomy":"category","embeddable":true,"href":"https:\/\/www.athletics.fo\/index.php?rest_route=%2Fwp%2Fv2%2Fcategories&post=6017"},{"taxonomy":"post_tag","embeddable":true,"href":"https:\/\/www.athletics.fo\/index.php?rest_route=%2Fwp%2Fv2%2Ftags&post=6017"}],"curies":[{"name":"wp","href":"https:\/\/api.w.org\/{rel}","templated":true}]}}