{"id":6037,"date":"2007-05-01T10:04:12","date_gmt":"2007-05-01T10:04:12","guid":{"rendered":"https:\/\/www.athletics.fo\/?p=6037"},"modified":"2007-05-01T10:04:12","modified_gmt":"2007-05-01T10:04:12","slug":"reykavik-marathon-og-halvmarathon-18-august","status":"publish","type":"post","link":"https:\/\/www.athletics.fo\/?p=6037","title":{"rendered":"Reykav\u00edk Marathon og h\u00e1lvmarathon 18. august"},"content":{"rendered":"<p>Flogfelag F\u00f8roya skipar\u00a0 fyri pakkafer\u00f0 \u00ed samband vi\u00f0 Reykjav\u00edk Marathon og H\u00e1lvmarathon tann 18. august 2007. Fari\u00f0 ver\u00f0ur \u00far V\u00e1gum tann 17. august og heim aftur tann 21. august.<\/p>\n<p>\u00cdrokna\u00f0 pr\u00edsin er:<br \/>\n-Flogfer\u00f0 V\u00e1gar-Reykjav\u00edk og aftur vi\u00f0 fer\u00f0aavgj\u00f8ldum<br \/>\n-Gisting \u00ed 4 n\u00e6tur \u00ed Fj\u00f8rukr\u00f3nni \u00ed einakamr vi\u00f0 morgunmati<br \/>\n-Lutt\u00f8kugjald til marathon ella h\u00e1lvmarathon \u00ed Reykjav\u00edk<br \/>\n-V\u00edkingad\u00f8gur\u00f0i \u00ed Fj\u00f8rukr\u00f3nni<\/p>\n<p>Pr\u00edsir:<br \/>\n-H\u00e1lvmarathon 4.995,-<br \/>\n-Marathon 5.145,-<\/p>\n<p>Tit kunnu f\u00e1a meira at vita um fer\u00f0ina vi\u00f0 at venda tykkum til Flogfelag F\u00f8roya, telefon 340000 ella teldupost booking@ff.fo<\/p>\n<p>Fer\u00f0in er treyta\u00f0 av n\u00f3g st\u00f3rari lutt\u00f8ku.<\/p>\n","protected":false},"excerpt":{"rendered":"<p>Flogfelag F\u00f8roya skipar\u00a0 fyri pakkafer\u00f0 \u00ed samband vi\u00f0 Reykjav\u00edk Marathon og H\u00e1lvmarathon tann 18. august 2007. Fari\u00f0 ver\u00f0ur \u00far V\u00e1gum tann 17. august og heim aftur tann 21. august. \u00cdrokna\u00f0 pr\u00edsin er: -Flogfer\u00f0 V\u00e1gar-Reykjav\u00edk og aftur vi\u00f0 fer\u00f0aavgj\u00f8ldum -Gisting \u00ed 4 n\u00e6tur \u00ed Fj\u00f8rukr\u00f3nni \u00ed einakamr vi\u00f0 morgunmati -Lutt\u00f8kugjald til marathon ella h\u00e1lvmarathon \u00ed Reykjav\u00edk [&hellip;]<\/p>\n","protected":false},"author":1,"featured_media":0,"comment_status":"closed","ping_status":"","sticky":false,"template":"","format":"standard","meta":{"ngg_post_thumbnail":0,"_jetpack_newsletter_access":"","_jetpack_dont_email_post_to_subs":false,"_jetpack_newsletter_tier_id":0,"_jetpack_memberships_contains_paywalled_content":false,"_jetpack_feature_clip_id":0,"_jetpack_memberships_contains_paid_content":false,"footnotes":"","jetpack_publicize_message":"","jetpack_publicize_feature_enabled":true,"jetpack_social_post_already_shared":true,"jetpack_social_options":{"image_generator_settings":{"template":"highway","default_image_id":0,"font":"","enabled":false},"version":2},"jetpack_post_was_ever_published":false},"categories":[50],"tags":[],"class_list":["post-6037","post","type-post","status-publish","format-standard","hentry","category-fif-arkiv"],"jetpack_publicize_connections":[],"jetpack_sharing_enabled":true,"jetpack_featured_media_url":"","_links":{"self":[{"href":"https:\/\/www.athletics.fo\/index.php?rest_route=\/wp\/v2\/posts\/6037","targetHints":{"allow":["GET"]}}],"collection":[{"href":"https:\/\/www.athletics.fo\/index.php?rest_route=\/wp\/v2\/posts"}],"about":[{"href":"https:\/\/www.athletics.fo\/index.php?rest_route=\/wp\/v2\/types\/post"}],"author":[{"embeddable":true,"href":"https:\/\/www.athletics.fo\/index.php?rest_route=\/wp\/v2\/users\/1"}],"replies":[{"embeddable":true,"href":"https:\/\/www.athletics.fo\/index.php?rest_route=%2Fwp%2Fv2%2Fcomments&post=6037"}],"version-history":[{"count":0,"href":"https:\/\/www.athletics.fo\/index.php?rest_route=\/wp\/v2\/posts\/6037\/revisions"}],"wp:attachment":[{"href":"https:\/\/www.athletics.fo\/index.php?rest_route=%2Fwp%2Fv2%2Fmedia&parent=6037"}],"wp:term":[{"taxonomy":"category","embeddable":true,"href":"https:\/\/www.athletics.fo\/index.php?rest_route=%2Fwp%2Fv2%2Fcategories&post=6037"},{"taxonomy":"post_tag","embeddable":true,"href":"https:\/\/www.athletics.fo\/index.php?rest_route=%2Fwp%2Fv2%2Ftags&post=6037"}],"curies":[{"name":"wp","href":"https:\/\/api.w.org\/{rel}","templated":true}]}}