{"id":8618,"date":"2026-08-26T11:22:02","date_gmt":"2026-08-26T11:22:02","guid":{"rendered":"https:\/\/www.athletics.fo\/?p=8618"},"modified":"2026-08-26T11:22:02","modified_gmt":"2026-08-26T11:22:02","slug":"seinasta-freist-at-tekna-seg-til-fvhm2026-er-31-august","status":"publish","type":"post","link":"https:\/\/www.athletics.fo\/?p=8618","title":{"rendered":"SEINASTA FREIST AT TEKNA SEG TIL FVHM2026 ER 31. AUGUST"},"content":{"rendered":"<p>Ger sum hini 520, sum longu hava tekna\u00f0 seg \u2013 tekna teg \u00e1\u00f0renn freistina 31. august \u00e1<br \/>\n<a href=\"https:\/\/fraelsi.fo\">fraelsi.fo<\/a><\/p>\n<p>Seinasta freist at tekna seg til F\u00f8roya vakrasta h\u00e1lvmaraton \u2013 og at gera m\u00f8guligar broytingar ella navnabroytingar \u2013 er m\u00e1nadagin 31. august.<br \/>\nF\u00f8roya vakrasta h\u00e1lvmaraton ver\u00f0ur leygardagin 5. september.<br \/>\nLongu n\u00fa hava 520 luttakarar v\u00e1tta\u00f0 s\u00edna lutt\u00f8ku. Ta\u00f0 eru 294 kvinnur og 226 menn. 351 hava melda\u00f0 seg til at renna, og 169 til at ganga. <\/p>\n<p>Tiltaki\u00f0 savnar ikki bert rennarar og gonguf\u00f3lk \u00far F\u00f8royum, men eisini \u00far \u00fatheiminum &#8211; 20 ymiskir tj\u00f3\u00f0skapir luttaka.<br \/>\nHetta er b\u00e6\u00f0i ein \u00edtr\u00f3ttaligur og mentanarligur veitsludagur, har luttakararnir eru alt fr\u00e1 royndum rennarum og gonguf\u00f3lki &#8211; til arbei\u00f0spl\u00e1ss, vinab\u00f3lkar og familjur. Rutan er \u00far G\u00e1sadali til Sandav\u00e1gs kirkju og fer gj\u00f8gnum allar bygdirnar \u00ed V\u00e1gum \u2013 ein einastandandi v\u00f8kur ruta vi\u00f0 n\u00f3gvum t\u00f3nleiki framvi\u00f0 vegnum.<\/p>\n<p>Serliga sterk er l\u00f8tan, t\u00e1 komi\u00f0 ver\u00f0ur um m\u00e1lstrikuna vi\u00f0 kirkjuna \u00ed Sandav\u00e1gi, har fl\u00f8ggini \u00far \u00f8llum luttakandi londunum veittra<br \/>\nTiltaki\u00f0 hevur eisini ein t\u00fd\u00f0andi sosialan leiklut. Ein partur av lutt\u00f8kugjaldinum hj\u00e1 gonguf\u00f3lki fer til Krabbameinsfelagi\u00f0. Rennarar hava h\u00f8vi at lata stu\u00f0ul, og felagi\u00f0 Berin, sum arbei\u00f0ir vi\u00f0 sorgarb\u00f3lkum fyri b\u00f8rn, f\u00e6r fastan stu\u00f0ul.<\/p>\n<p>\u00cdtr\u00f3ttarfelagi\u00f0 Fr\u00e6lsi \u2013 Felagi\u00f0 fyri fr\u00e6lsan \u00edtr\u00f3tt \u00ed V\u00e1gum, skipar fyri F\u00f8roya vakrasta h\u00e1lvmaratoni \u2013 vi\u00f0 dyggum stu\u00f0li fr\u00e1 kommununum, bjargingarfelagnum og vinnul\u00edvinum \u00ed \u00f8kinum. Ein \u00f8rgrynna av sj\u00e1lvbodnum tryggja, at ta\u00f0 yvirh\u00f8vur letur seg gera.<\/p>\n<p>\u00cd sambandi vi\u00f0 tiltaki\u00f0 hevur Landsverk avgj\u00f8rt at stongja G\u00e1sadalstunnilin fr\u00e1 kl. 09.45 til kl. 11.30 og Vatnavegin fr\u00e1 kl. 11.30 til kl. 13.00. Fr\u00e1 kl. 13.00 til kl. 14.00 ver\u00f0ur konvoy koyring, sum V\u00e1ga bjargingarfelag skipar.<\/p>\n<p>N\u00f3gv f\u00f3lk vera \u00e1 vegnum \u00far G\u00e1sadali til Sandav\u00e1gs, og heita vit \u00e1 \u00f8ll um at koyra vi\u00f0 varsemi og vi\u00f0 atliti til tey mongu, sum ganga og renna hendan vakra t\u00farin.<\/p>\n","protected":false},"excerpt":{"rendered":"<p>Ger sum hini 520, sum longu hava tekna\u00f0 seg \u2013 tekna teg \u00e1\u00f0renn freistina 31. august \u00e1 fraelsi.fo Seinasta freist at tekna seg til F\u00f8roya vakrasta h\u00e1lvmaraton \u2013 og at gera m\u00f8guligar broytingar ella navnabroytingar \u2013 er m\u00e1nadagin 31. august. F\u00f8roya vakrasta h\u00e1lvmaraton ver\u00f0ur leygardagin 5. september. Longu n\u00fa hava 520 luttakarar v\u00e1tta\u00f0 s\u00edna lutt\u00f8ku. [&hellip;]<\/p>\n","protected":false},"author":1,"featured_media":8619,"comment_status":"closed","ping_status":"closed","sticky":false,"template":"","format":"standard","meta":{"ngg_post_thumbnail":0,"_jetpack_newsletter_access":"","_jetpack_dont_email_post_to_subs":false,"_jetpack_newsletter_tier_id":0,"_jetpack_memberships_contains_paywalled_content":false,"_jetpack_feature_clip_id":0,"_jetpack_memberships_contains_paid_content":false,"footnotes":"","jetpack_publicize_message":"","jetpack_publicize_feature_enabled":true,"jetpack_social_post_already_shared":true,"jetpack_social_options":{"image_generator_settings":{"template":"highway","default_image_id":0,"font":"","enabled":false},"version":2},"jetpack_post_was_ever_published":false},"categories":[37,47,1],"tags":[],"class_list":["post-8618","post","type-post","status-publish","format-standard","has-post-thumbnail","hentry","category-tiltok","category-mbm-6-halvmarathon","category-ymiskt"],"jetpack_publicize_connections":[],"jetpack_sharing_enabled":true,"jetpack_featured_media_url":"https:\/\/www.athletics.fo\/wp-content\/uploads\/2026\/08\/FVHM.jpg","_links":{"self":[{"href":"https:\/\/www.athletics.fo\/index.php?rest_route=\/wp\/v2\/posts\/8618","targetHints":{"allow":["GET"]}}],"collection":[{"href":"https:\/\/www.athletics.fo\/index.php?rest_route=\/wp\/v2\/posts"}],"about":[{"href":"https:\/\/www.athletics.fo\/index.php?rest_route=\/wp\/v2\/types\/post"}],"author":[{"embeddable":true,"href":"https:\/\/www.athletics.fo\/index.php?rest_route=\/wp\/v2\/users\/1"}],"replies":[{"embeddable":true,"href":"https:\/\/www.athletics.fo\/index.php?rest_route=%2Fwp%2Fv2%2Fcomments&post=8618"}],"version-history":[{"count":1,"href":"https:\/\/www.athletics.fo\/index.php?rest_route=\/wp\/v2\/posts\/8618\/revisions"}],"predecessor-version":[{"id":8620,"href":"https:\/\/www.athletics.fo\/index.php?rest_route=\/wp\/v2\/posts\/8618\/revisions\/8620"}],"wp:featuredmedia":[{"embeddable":true,"href":"https:\/\/www.athletics.fo\/index.php?rest_route=\/wp\/v2\/media\/8619"}],"wp:attachment":[{"href":"https:\/\/www.athletics.fo\/index.php?rest_route=%2Fwp%2Fv2%2Fmedia&parent=8618"}],"wp:term":[{"taxonomy":"category","embeddable":true,"href":"https:\/\/www.athletics.fo\/index.php?rest_route=%2Fwp%2Fv2%2Fcategories&post=8618"},{"taxonomy":"post_tag","embeddable":true,"href":"https:\/\/www.athletics.fo\/index.php?rest_route=%2Fwp%2Fv2%2Ftags&post=8618"}],"curies":[{"name":"wp","href":"https:\/\/api.w.org\/{rel}","templated":true}]}}