{"id":8621,"date":"2026-08-26T16:39:37","date_gmt":"2026-08-26T16:39:37","guid":{"rendered":"https:\/\/www.athletics.fo\/?p=8621"},"modified":"2026-08-26T16:39:37","modified_gmt":"2026-08-26T16:39:37","slug":"fif-setur-nyggja-urvalsaetlan-i-verk","status":"publish","type":"post","link":"https:\/\/www.athletics.fo\/?p=8621","title":{"rendered":"F\u00cdF setur n\u00fdggja \u00farvals\u00e6tlan \u00ed verk"},"content":{"rendered":"<p>Fr\u00e6lsur \u00cdtr\u00f3ttur F\u00f8roya hevur gj\u00f8rt eina n\u00fdggja \u00farvals\u00e6tlan, sum skal skapa grei\u00f0ari karmar og betri menningarm\u00f8guleikar fyri f\u00f8royskar \u00ed\u00f0karar, i\u00f0 vilja r\u00f8kka langt innan fr\u00e6lsan \u00edtr\u00f3tt.<\/p>\n<p>Endam\u00e1li\u00f0 vi\u00f0 \u00e6tlanini er at stu\u00f0la teimum \u00ed\u00f0karum, sum v\u00edsa vilja, evni og hugsavnan, samstundis vi\u00f0 at tryggja eina grei\u00f0a og r\u00e6ttv\u00edsa mannagongd fyri uppt\u00f8ku \u00ed skipanini og stu\u00f0ul \u00far henni.<\/p>\n<p>\u00darvals\u00e6tlanin fevnir um fleiri stig, solei\u00f0is at stu\u00f0ulin kann lagast til aldur, st\u00f8\u00f0i, \u00farslit og menningarlei\u00f0 hj\u00e1 t\u00ed einstaka \u00ed\u00f0karanum. Dentur ver\u00f0ur lagdur \u00e1 heildina kring \u00ed\u00f0karan \u2013 millum anna\u00f0 venjing, kappingar, menning, samstarv vi\u00f0 venjara, stuttt\u00ed\u00f0ar- og lant\u00ed\u00f0ar m\u00e1l.<\/p>\n<p><strong>Stu\u00f0ul til kappingar<\/strong><br \/>\nSum partur av n\u00fdggju \u00e6tlanini kunnu \u00ed\u00f0karar s\u00f8kja um stu\u00f0ul til g\u00f3\u00f0kendar kappingar.<\/p>\n<p>Stu\u00f0ulin ver\u00f0ur veittur eftir galdandi treytum og innan fyri f\u00edggjarligu karmarnar hj\u00e1 F\u00cdF. Ums\u00f3knir ver\u00f0a mettar vi\u00f0 atliti til st\u00f8\u00f0i, endam\u00e1li og t\u00fddninginum, sum kappingin hevur fyri menningina hj\u00e1 \u00ed\u00f0karanum.<\/p>\n<p><strong>Ein grei\u00f0 lei\u00f0 fram \u00e1 \u00edtr\u00f3ttarligu lei\u00f0ini<\/strong><br \/>\nVi\u00f0 n\u00fdggju \u00farvals\u00e6tlanini ynskir F\u00cdF at gera ta\u00f0 grei\u00f0ari hj\u00e1 \u00ed\u00f0karum og venjarum:<\/p>\n<p>-hv\u00f8r kann gerast partur av \u00farvalsarbei\u00f0inum<br \/>\n-hv\u00f8rji kr\u00f8v og v\u00e6ntanir ver\u00f0a sett<br \/>\n-hv\u00f8rjir m\u00f8guleikar eru fyri stu\u00f0li<br \/>\n-hvussu s\u00f8kt ver\u00f0ur um uppt\u00f8ku og f\u00edggjarligan stu\u00f0ul<br \/>\n-hvussu \u00ed\u00f0karar kunnu mennast v\u00ed\u00f0ari \u00ed skipanini<\/p>\n<p>\u00c6tlanin skal ikki bert stu\u00f0la teimum, sum longu hava rokki\u00f0 h\u00f8gum \u00farslitum. Hon skal eisini hj\u00e1lpa evnar\u00edkum og mi\u00f0v\u00edsum \u00ed\u00f0karum at taka n\u00e6stu stigini, samstundis sum vit royna at skapa eitt sterkari og meira samanhangandi menningarumhv\u00f8rvi \u00ed f\u00f8royskum fr\u00e6lsum \u00edtr\u00f3tti.<\/p>\n<p><strong>Felags \u00e1byrgd og mi\u00f0v\u00eds menning<\/strong><br \/>\nG\u00f3\u00f0 \u00farslit s\u00edggjast \u00edgj\u00f8gnum mi\u00f0v\u00edst arbei\u00f0i yvir t\u00ed\u00f0. T\u00ed byggir \u00farvals\u00e6tlanin \u00e1 samstarv millum \u00ed\u00f0kara, venjara, lokalfel\u00f8g, F\u00cdF og \u00cdSF.<\/p>\n<p>\u00cd\u00f0karar, sum ver\u00f0a partur av \u00e6tlanini, skulu vera sinna\u00f0ir at arbei\u00f0a mi\u00f0v\u00edst, fylgja eini h\u00f3skandi venjingar\u00e6tlan og umbo\u00f0a f\u00f8royskan fr\u00e6lsan \u00edtr\u00f3tt \u00e1 ein \u00e1byrgdarfullan h\u00e1tt.<\/p>\n<p>Vit v\u00f3na, at n\u00fdggja \u00farvals\u00e6tlanin ver\u00f0ur eitt t\u00fd\u00f0andi stig \u00ed arbei\u00f0inum at menna f\u00f8royskan fr\u00e6lsan \u00edtr\u00f3tt og geva okkara \u00ed\u00f0karum bestu m\u00f8guligu fortreytirnar fyri at r\u00f8kka s\u00ednum m\u00e1lum.<\/p>\n<p><a href=\"https:\/\/www.athletics.fo\/?page_id=8596\">Les alla \u00farvals\u00e6tlanina, treytirnar og kunningina um ums\u00f3kn her.<\/a><\/p>\n","protected":false},"excerpt":{"rendered":"<p>Fr\u00e6lsur \u00cdtr\u00f3ttur F\u00f8roya hevur gj\u00f8rt eina n\u00fdggja \u00farvals\u00e6tlan, sum skal skapa grei\u00f0ari karmar og betri menningarm\u00f8guleikar fyri f\u00f8royskar \u00ed\u00f0karar, i\u00f0 vilja r\u00f8kka langt innan fr\u00e6lsan \u00edtr\u00f3tt. Endam\u00e1li\u00f0 vi\u00f0 \u00e6tlanini er at stu\u00f0la teimum \u00ed\u00f0karum, sum v\u00edsa vilja, evni og hugsavnan, samstundis vi\u00f0 at tryggja eina grei\u00f0a og r\u00e6ttv\u00edsa mannagongd fyri uppt\u00f8ku \u00ed skipanini og stu\u00f0ul [&hellip;]<\/p>\n","protected":false},"author":1,"featured_media":8279,"comment_status":"closed","ping_status":"closed","sticky":false,"template":"","format":"standard","meta":{"ngg_post_thumbnail":0,"_jetpack_newsletter_access":"","_jetpack_dont_email_post_to_subs":false,"_jetpack_newsletter_tier_id":0,"_jetpack_memberships_contains_paywalled_content":false,"_jetpack_feature_clip_id":0,"_jetpack_memberships_contains_paid_content":false,"footnotes":"","jetpack_publicize_message":"","jetpack_publicize_feature_enabled":true,"jetpack_social_post_already_shared":true,"jetpack_social_options":{"image_generator_settings":{"template":"highway","default_image_id":0,"font":"","enabled":false},"version":2},"jetpack_post_was_ever_published":false},"categories":[1],"tags":[],"class_list":["post-8621","post","type-post","status-publish","format-standard","has-post-thumbnail","hentry","category-ymiskt"],"jetpack_publicize_connections":[],"jetpack_sharing_enabled":true,"jetpack_featured_media_url":"https:\/\/www.athletics.fo\/wp-content\/uploads\/fifarkiv\/uploads\/2020\/01\/Maria-Biskopst\u00f8-4x400.jpg","_links":{"self":[{"href":"https:\/\/www.athletics.fo\/index.php?rest_route=\/wp\/v2\/posts\/8621","targetHints":{"allow":["GET"]}}],"collection":[{"href":"https:\/\/www.athletics.fo\/index.php?rest_route=\/wp\/v2\/posts"}],"about":[{"href":"https:\/\/www.athletics.fo\/index.php?rest_route=\/wp\/v2\/types\/post"}],"author":[{"embeddable":true,"href":"https:\/\/www.athletics.fo\/index.php?rest_route=\/wp\/v2\/users\/1"}],"replies":[{"embeddable":true,"href":"https:\/\/www.athletics.fo\/index.php?rest_route=%2Fwp%2Fv2%2Fcomments&post=8621"}],"version-history":[{"count":1,"href":"https:\/\/www.athletics.fo\/index.php?rest_route=\/wp\/v2\/posts\/8621\/revisions"}],"predecessor-version":[{"id":8622,"href":"https:\/\/www.athletics.fo\/index.php?rest_route=\/wp\/v2\/posts\/8621\/revisions\/8622"}],"wp:featuredmedia":[{"embeddable":true,"href":"https:\/\/www.athletics.fo\/index.php?rest_route=\/wp\/v2\/media\/8279"}],"wp:attachment":[{"href":"https:\/\/www.athletics.fo\/index.php?rest_route=%2Fwp%2Fv2%2Fmedia&parent=8621"}],"wp:term":[{"taxonomy":"category","embeddable":true,"href":"https:\/\/www.athletics.fo\/index.php?rest_route=%2Fwp%2Fv2%2Fcategories&post=8621"},{"taxonomy":"post_tag","embeddable":true,"href":"https:\/\/www.athletics.fo\/index.php?rest_route=%2Fwp%2Fv2%2Ftags&post=8621"}],"curies":[{"name":"wp","href":"https:\/\/api.w.org\/{rel}","templated":true}]}}