{"id":8642,"date":"2026-09-04T14:18:08","date_gmt":"2026-09-04T14:18:08","guid":{"rendered":"https:\/\/www.athletics.fo\/?p=8642"},"modified":"2026-09-04T14:18:08","modified_gmt":"2026-09-04T14:18:08","slug":"skra-fyri-foroya-vakrasta-halvmaraton-2026","status":"publish","type":"post","link":"https:\/\/www.athletics.fo\/?p=8642","title":{"rendered":"Skr\u00e1 fyri F\u00f8roya Vakrasta h\u00e1lvmaraton 2026"},"content":{"rendered":"<p style=\"font-weight: 400;\"><strong>Fr\u00edggjadagin 4. september 2026 &#8211; Sk\u00falin \u00e1 Giljanesi <\/strong><\/p>\n<p style=\"font-weight: 400;\">Kl. 20.00 \u2013 21.30 \u00datfl\u00fdggjan av startnumm\u00f8rum og G&amp;G renniblusum.<\/p>\n<p style=\"font-weight: 400;\">Av t\u00ed at anna\u00f0 tiltak er \u00e1 Giljanesi samstundis, kann ver\u00f0a trupult at sleppa av vi\u00f0 bilin.<\/p>\n<p style=\"font-weight: 400;\"><strong>Leygardagin 5. september 2026 &#8211; Sk\u00falin \u00e1 Giljanesi<\/strong><\/p>\n<p style=\"font-weight: 400;\"><em>M\u00f8guligt ver\u00f0ur at parkera bilar ni\u00f0ri \u00e1 keiini \u00ed Mi\u00f0v\u00e1gi og \u00e1 Valloyruni \u00ed Sandav\u00e1gi.<\/em><\/p>\n<p style=\"font-weight: 400;\"><em>Um m\u00f8guligt, lati bilin standa heima og\/ella koyri fleiri saman.<\/em><\/p>\n<p style=\"font-weight: 400;\">T\u00farurin \u00far G\u00e1sadali til Sandav\u00e1gs er partv\u00eds \u00ed blanda\u00f0ari fer\u00f0slu, bilar, gangarar og rennarar. \u00d8ll hava \u00e1byrgd av s\u00e6r sj\u00e1lvum. Hj\u00e1lmar eru til taks vi\u00f0 tunnilsmunnan \u00ed G\u00e1sadali.<\/p>\n<p style=\"font-weight: 400;\">Hesi vegastrekkir eru stongd fyri bilfer\u00f0slu:&nbsp;G\u00e1sadalstunnilin er stongdur fr\u00e1 kl. 9:45 til kl. 11:30,&nbsp;og Vatnavegurin fr\u00e1 kl. 11:30 til kl. 13:00.&nbsp;Konvoykoyring ver\u00f0ur \u00e1 Vatnavegnum fr\u00e1 kl. 13:00 til 14:00<\/p>\n<p style=\"font-weight: 400;\"><strong>Skr\u00e1:<\/strong><\/p>\n<p style=\"font-weight: 400;\">Kl. 08.00&nbsp;<strong>Gangarar<\/strong>&nbsp;&#8211; \u00datfl\u00fdggjan av startnumm\u00f8rum og G&amp;G blusum \u00ed sk\u00falanum \u00e1 Giljanesi.<\/p>\n<p style=\"font-weight: 400;\">Kl. 09.00&nbsp;Bussfr\u00e1fer\u00f0 av Giljanesi til G\u00e1sadals \u2013 gangarar.<\/p>\n<p style=\"font-weight: 400;\">Kl. 09.30&nbsp;Taskur kunnu latast inn \u00ed G\u00e1sadali \u2013 vera \u00fatfl\u00fdggja\u00f0ar aftur \u00e1&nbsp;Loftagrund (m\u00e1li\u00f0)<\/p>\n<p style=\"font-weight: 400;\">Kl. 09.00&nbsp;<strong>Rennara<\/strong>&nbsp;&#8211; \u00datfl\u00fdggjan av startnumm\u00f8rum og G&amp;G blusum. &nbsp;<\/p>\n<p style=\"font-weight: 400;\">Kl. 10.00 Starturin fer \u00ed G\u00e1sadali &#8211; gangarar.<\/p>\n<p style=\"font-weight: 400;\">Kl. 10.00 Bussfr\u00e1fer\u00f0 av Giljanesi til G\u00e1sadals \u2013 rennarar.<\/p>\n<p style=\"font-weight: 400;\">Kl. 10.30&nbsp;Taskur kunnu latast inn \u00ed G\u00e1sadali \u2013 vera \u00fatfl\u00fdggja\u00f0ar aftur \u00e1&nbsp;Loftagrund (m\u00e1li\u00f0)<\/p>\n<p style=\"font-weight: 400;\">Kl. 11.00&nbsp;Starturin fer \u00ed G\u00e1sadali \u2013 rennarar.<\/p>\n<p style=\"font-weight: 400;\">Kl. 11.30&nbsp;Vatnavegurin stongdur. Fr\u00e1 omankoyring til flogv\u00f8llin til FK \u00ed Mi\u00f0v\u00e1gi.<\/p>\n<p style=\"font-weight: 400;\">Kl. 11.30&nbsp;Ongin sleppur v\u00ed\u00f0ari fr\u00e1 flogv\u00f8llinum fyrr enn Vatnavegurin er stongdur.<\/p>\n<p style=\"font-weight: 400;\">Kl. 12.15&nbsp;Medaljuhandan til allar luttakarar sum koma \u00e1 m\u00e1l.<\/p>\n<p style=\"font-weight: 400;\">Kl. 12.15&nbsp;Myndaboks \u00e1 m\u00e1linum \u00e1&nbsp;Loftagrund, m\u00f8guligt at taka myndir sum minni um dagin. Myndirnar ver\u00f0a lagdar \u00e1 facebook s\u00ed\u00f0una hj\u00e1 \u00cdtr\u00f3ttarfelagnum Fr\u00e6lsi.<\/p>\n<p style=\"font-weight: 400;\">Kl. 13.00 Medaljuhandan til rennarar 1, 2 og 3 byrjar so hv\u00f8rt tr\u00fd \u00far b\u00f3lkinum eru komin \u00e1 m\u00e1l \u00e1&nbsp;Loftagrund.<\/p>\n<p style=\"font-weight: 400;\">Kl. 12.30 Laksasuppa fr\u00e1 Hiddenfjord og heimabaka\u00f0ar k\u00f8kur til luttakarar \u00ed tjaldinum \u00e1 Loftagrund. M\u00f8guligt er at skifta og fara \u00ed br\u00fasu \u00e1 Giljanesi<\/p>\n<p style=\"font-weight: 400;\">Kl. 13.00&nbsp;Ein bani \u00e1 Vatnavegurin letur upp aftur kl. 13.00 vi\u00f0 konvoykoyring til kl. 14.00<\/p>\n<p style=\"font-weight: 400;\">Fyri trygdina \u00e1 vegnum ver\u00f0ur m\u00e6lt til at runni\u00f0 ver\u00f0ur \u00e1 h\u00f8gru s\u00ed\u00f0u fr\u00e1 G\u00e1sadali til rundkoyringina \u00ed Mi\u00f0v\u00e1gi, og fr\u00e1 rundkoyringini \u00ed Mi\u00f0v\u00e1gi til m\u00e1li\u00f0 \u00ed Sandav\u00e1gi ver\u00f0ur runni\u00f0 \u00e1 vinstru s\u00ed\u00f0u.<\/p>\n<p style=\"font-weight: 400;\"><strong>Vatnpostar <\/strong><\/p>\n<p style=\"font-weight: 400;\">Vatnpostar ver\u00f0a fyri hv\u00f8rjar 5km umframt undirhald vi\u00f0 live t\u00f3nleiki og playlista \u00e1 rutuni.<\/p>\n<p style=\"font-weight: 400;\"><strong>Vesi<\/strong><\/p>\n<p style=\"font-weight: 400;\">M\u00f8guligt ver\u00f0ur at fara \u00e1 ves \u00ed G\u00e1sadali, sk\u00falanum \u00ed B\u00f8, sk\u00falanum \u00ed S\u00f8rv\u00e1gi, Missi\u00f3nsh\u00fasinum \u00ed S\u00f8rv\u00e1gi, flogv\u00f8llinum, gomlu kommunuskrivstovuni \u00ed Mi\u00f0v\u00e1gi, og \u00e1 m\u00e1linum vi\u00f0 kirkjuna \u00ed Sandav\u00e1gi.<\/p>\n<p style=\"font-weight: 400;\"><strong>My Race Results<\/strong><\/p>\n<p style=\"font-weight: 400;\">Til ber at fylgja vi\u00f0 renningini \u00e1 <a href=\"https:\/\/my.raceresult.com\/377203\/\">My Race Results<\/a><\/p>\n<p style=\"font-weight: 400;\">Eisini ber til at \u00fatskriva skreytbla\u00f0 eftir tiltaki \u00e1 <a href=\"https:\/\/my.raceresult.com\/377203\/\">My Race Results<\/a> &nbsp;vi\u00f0 at fara \u00e1 \u00farslit, velja navn og ikon uttast til h\u00f8gru. Har s\u00edggjast millumt\u00ed\u00f0ir og skreytbla\u00f0i\u00f0.<\/p>\n<p style=\"font-weight: 400;\"><img loading=\"lazy\" decoding=\"async\" data-attachment-id=\"8643\" data-permalink=\"https:\/\/www.athletics.fo\/?attachment_id=8643\" data-orig-file=\"https:\/\/www.athletics.fo\/wp-content\/uploads\/2026\/09\/stongd.png\" data-orig-size=\"1080,1350\" data-comments-opened=\"0\" data-image-meta=\"{&quot;aperture&quot;:&quot;0&quot;,&quot;credit&quot;:&quot;&quot;,&quot;camera&quot;:&quot;&quot;,&quot;caption&quot;:&quot;&quot;,&quot;created_timestamp&quot;:&quot;0&quot;,&quot;copyright&quot;:&quot;&quot;,&quot;focal_length&quot;:&quot;0&quot;,&quot;iso&quot;:&quot;0&quot;,&quot;shutter_speed&quot;:&quot;0&quot;,&quot;title&quot;:&quot;&quot;,&quot;orientation&quot;:&quot;0&quot;,&quot;alt&quot;:&quot;&quot;}\" data-image-title=\"stongd\" data-image-description=\"\" data-image-caption=\"\" data-large-file=\"https:\/\/www.athletics.fo\/wp-content\/uploads\/2026\/09\/stongd-819x1024.png\" class=\"alignnone size-full wp-image-8643\" src=\"https:\/\/www.athletics.fo\/wp-content\/uploads\/2026\/09\/stongd.png\" alt=\"\" width=\"1080\" height=\"1350\" srcset=\"https:\/\/www.athletics.fo\/wp-content\/uploads\/2026\/09\/stongd.png 1080w, https:\/\/www.athletics.fo\/wp-content\/uploads\/2026\/09\/stongd-240x300.png 240w, https:\/\/www.athletics.fo\/wp-content\/uploads\/2026\/09\/stongd-819x1024.png 819w, https:\/\/www.athletics.fo\/wp-content\/uploads\/2026\/09\/stongd-768x960.png 768w\" sizes=\"auto, (max-width: 1080px) 100vw, 1080px\" \/><\/p>\n<p style=\"font-weight: 400;\"><strong>Vit ynskja \u00f8llum eitt gott F\u00f8roya vakrasta h\u00e1lvmaraton 2026. <\/strong><\/p>\n<p><strong>G\u00f3\u00f0an t\u00far!<\/strong><\/p>\n","protected":false},"excerpt":{"rendered":"<p>Fr\u00edggjadagin 4. september 2026 &#8211; Sk\u00falin \u00e1 Giljanesi Kl. 20.00 \u2013 21.30 \u00datfl\u00fdggjan av startnumm\u00f8rum og G&amp;G renniblusum. Av t\u00ed at anna\u00f0 tiltak er \u00e1 Giljanesi samstundis, kann ver\u00f0a trupult at sleppa av vi\u00f0 bilin. Leygardagin 5. september 2026 &#8211; Sk\u00falin \u00e1 Giljanesi M\u00f8guligt ver\u00f0ur at parkera bilar ni\u00f0ri \u00e1 keiini \u00ed Mi\u00f0v\u00e1gi og \u00e1 [&hellip;]<\/p>\n","protected":false},"author":1,"featured_media":8619,"comment_status":"closed","ping_status":"closed","sticky":false,"template":"","format":"standard","meta":{"ngg_post_thumbnail":0,"_jetpack_newsletter_access":"","_jetpack_dont_email_post_to_subs":false,"_jetpack_newsletter_tier_id":0,"_jetpack_memberships_contains_paywalled_content":false,"_jetpack_feature_clip_id":0,"_jetpack_memberships_contains_paid_content":false,"footnotes":"","jetpack_publicize_message":"","jetpack_publicize_feature_enabled":true,"jetpack_social_post_already_shared":true,"jetpack_social_options":{"image_generator_settings":{"template":"highway","default_image_id":0,"font":"","enabled":false},"version":2},"jetpack_post_was_ever_published":false},"categories":[37,47,1],"tags":[],"class_list":["post-8642","post","type-post","status-publish","format-standard","has-post-thumbnail","hentry","category-tiltok","category-mbm-6-halvmarathon","category-ymiskt"],"jetpack_publicize_connections":[],"jetpack_sharing_enabled":true,"jetpack_featured_media_url":"https:\/\/www.athletics.fo\/wp-content\/uploads\/2026\/08\/FVHM.jpg","_links":{"self":[{"href":"https:\/\/www.athletics.fo\/index.php?rest_route=\/wp\/v2\/posts\/8642","targetHints":{"allow":["GET"]}}],"collection":[{"href":"https:\/\/www.athletics.fo\/index.php?rest_route=\/wp\/v2\/posts"}],"about":[{"href":"https:\/\/www.athletics.fo\/index.php?rest_route=\/wp\/v2\/types\/post"}],"author":[{"embeddable":true,"href":"https:\/\/www.athletics.fo\/index.php?rest_route=\/wp\/v2\/users\/1"}],"replies":[{"embeddable":true,"href":"https:\/\/www.athletics.fo\/index.php?rest_route=%2Fwp%2Fv2%2Fcomments&post=8642"}],"version-history":[{"count":1,"href":"https:\/\/www.athletics.fo\/index.php?rest_route=\/wp\/v2\/posts\/8642\/revisions"}],"predecessor-version":[{"id":8644,"href":"https:\/\/www.athletics.fo\/index.php?rest_route=\/wp\/v2\/posts\/8642\/revisions\/8644"}],"wp:featuredmedia":[{"embeddable":true,"href":"https:\/\/www.athletics.fo\/index.php?rest_route=\/wp\/v2\/media\/8619"}],"wp:attachment":[{"href":"https:\/\/www.athletics.fo\/index.php?rest_route=%2Fwp%2Fv2%2Fmedia&parent=8642"}],"wp:term":[{"taxonomy":"category","embeddable":true,"href":"https:\/\/www.athletics.fo\/index.php?rest_route=%2Fwp%2Fv2%2Fcategories&post=8642"},{"taxonomy":"post_tag","embeddable":true,"href":"https:\/\/www.athletics.fo\/index.php?rest_route=%2Fwp%2Fv2%2Ftags&post=8642"}],"curies":[{"name":"wp","href":"https:\/\/api.w.org\/{rel}","templated":true}]}}