{"id":8645,"date":"2026-09-04T14:22:39","date_gmt":"2026-09-04T14:22:39","guid":{"rendered":"https:\/\/www.athletics.fo\/?p=8645"},"modified":"2026-09-04T14:23:05","modified_gmt":"2026-09-04T14:23:05","slug":"tidaraetlan-fyri-mbm-storkapping-3-leygardagin-5-september","status":"publish","type":"post","link":"https:\/\/www.athletics.fo\/?p=8645","title":{"rendered":"T\u00ed\u00f0ar\u00e6tlan fyri MBM St\u00f3rkapping 3 leygardagin 5. september"},"content":{"rendered":"<p><a href=\"https:\/\/meets.rosterathletics.com\/public\/competitions\/details\/schedule?id=29601\">Fylg kappingini \u00e1 Roster appini her.<\/a><\/p>\n<p><img loading=\"lazy\" decoding=\"async\" data-attachment-id=\"8646\" data-permalink=\"https:\/\/www.athletics.fo\/?attachment_id=8646\" data-orig-file=\"https:\/\/www.athletics.fo\/wp-content\/uploads\/2026\/09\/Screenshot-2026-09-04-at-15.21.03.png\" data-orig-size=\"1364,1558\" data-comments-opened=\"0\" data-image-meta=\"{&quot;aperture&quot;:&quot;0&quot;,&quot;credit&quot;:&quot;&quot;,&quot;camera&quot;:&quot;&quot;,&quot;caption&quot;:&quot;&quot;,&quot;created_timestamp&quot;:&quot;0&quot;,&quot;copyright&quot;:&quot;&quot;,&quot;focal_length&quot;:&quot;0&quot;,&quot;iso&quot;:&quot;0&quot;,&quot;shutter_speed&quot;:&quot;0&quot;,&quot;title&quot;:&quot;&quot;,&quot;orientation&quot;:&quot;0&quot;,&quot;alt&quot;:&quot;&quot;}\" data-image-title=\"Screenshot 2026-09-04 at 15.21.03\" data-image-description=\"\" data-image-caption=\"\" data-large-file=\"https:\/\/www.athletics.fo\/wp-content\/uploads\/2026\/09\/Screenshot-2026-09-04-at-15.21.03-896x1024.png\" class=\"alignnone size-full wp-image-8646\" src=\"https:\/\/www.athletics.fo\/wp-content\/uploads\/2026\/09\/Screenshot-2026-09-04-at-15.21.03.png\" alt=\"\" width=\"1364\" height=\"1558\" srcset=\"https:\/\/www.athletics.fo\/wp-content\/uploads\/2026\/09\/Screenshot-2026-09-04-at-15.21.03.png 1364w, https:\/\/www.athletics.fo\/wp-content\/uploads\/2026\/09\/Screenshot-2026-09-04-at-15.21.03-263x300.png 263w, https:\/\/www.athletics.fo\/wp-content\/uploads\/2026\/09\/Screenshot-2026-09-04-at-15.21.03-896x1024.png 896w, https:\/\/www.athletics.fo\/wp-content\/uploads\/2026\/09\/Screenshot-2026-09-04-at-15.21.03-768x877.png 768w, https:\/\/www.athletics.fo\/wp-content\/uploads\/2026\/09\/Screenshot-2026-09-04-at-15.21.03-1345x1536.png 1345w\" sizes=\"auto, (max-width: 1364px) 100vw, 1364px\" \/><\/p>\n","protected":false},"excerpt":{"rendered":"<p>Fylg kappingini \u00e1 Roster appini her.<\/p>\n","protected":false},"author":1,"featured_media":8301,"comment_status":"closed","ping_status":"closed","sticky":false,"template":"","format":"standard","meta":{"ngg_post_thumbnail":0,"_jetpack_newsletter_access":"","_jetpack_dont_email_post_to_subs":false,"_jetpack_newsletter_tier_id":0,"_jetpack_memberships_contains_paywalled_content":false,"_jetpack_feature_clip_id":0,"_jetpack_memberships_contains_paid_content":false,"footnotes":"","jetpack_publicize_message":"","jetpack_publicize_feature_enabled":true,"jetpack_social_post_already_shared":true,"jetpack_social_options":{"image_generator_settings":{"template":"highway","default_image_id":0,"font":"","enabled":false},"version":2},"jetpack_post_was_ever_published":false},"categories":[41,37,1],"tags":[],"class_list":["post-8645","post","type-post","status-publish","format-standard","has-post-thumbnail","hentry","category-kapping-a-breyt","category-tiltok","category-ymiskt"],"jetpack_publicize_connections":[],"jetpack_sharing_enabled":true,"jetpack_featured_media_url":"https:\/\/www.athletics.fo\/wp-content\/uploads\/fifarkiv\/uploads\/2019\/05\/IMG_7131.jpg","_links":{"self":[{"href":"https:\/\/www.athletics.fo\/index.php?rest_route=\/wp\/v2\/posts\/8645","targetHints":{"allow":["GET"]}}],"collection":[{"href":"https:\/\/www.athletics.fo\/index.php?rest_route=\/wp\/v2\/posts"}],"about":[{"href":"https:\/\/www.athletics.fo\/index.php?rest_route=\/wp\/v2\/types\/post"}],"author":[{"embeddable":true,"href":"https:\/\/www.athletics.fo\/index.php?rest_route=\/wp\/v2\/users\/1"}],"replies":[{"embeddable":true,"href":"https:\/\/www.athletics.fo\/index.php?rest_route=%2Fwp%2Fv2%2Fcomments&post=8645"}],"version-history":[{"count":1,"href":"https:\/\/www.athletics.fo\/index.php?rest_route=\/wp\/v2\/posts\/8645\/revisions"}],"predecessor-version":[{"id":8647,"href":"https:\/\/www.athletics.fo\/index.php?rest_route=\/wp\/v2\/posts\/8645\/revisions\/8647"}],"wp:featuredmedia":[{"embeddable":true,"href":"https:\/\/www.athletics.fo\/index.php?rest_route=\/wp\/v2\/media\/8301"}],"wp:attachment":[{"href":"https:\/\/www.athletics.fo\/index.php?rest_route=%2Fwp%2Fv2%2Fmedia&parent=8645"}],"wp:term":[{"taxonomy":"category","embeddable":true,"href":"https:\/\/www.athletics.fo\/index.php?rest_route=%2Fwp%2Fv2%2Fcategories&post=8645"},{"taxonomy":"post_tag","embeddable":true,"href":"https:\/\/www.athletics.fo\/index.php?rest_route=%2Fwp%2Fv2%2Ftags&post=8645"}],"curies":[{"name":"wp","href":"https:\/\/api.w.org\/{rel}","templated":true}]}}